{"id":319,"date":"2022-03-28T07:29:36","date_gmt":"2022-03-28T07:29:36","guid":{"rendered":"https:\/\/www.3forty.media\/mura\/demo\/?p=319"},"modified":"2024-08-16T04:10:52","modified_gmt":"2024-08-16T04:10:52","slug":"ned-flanders","status":"publish","type":"post","link":"https:\/\/ebanti.com\/LosSimpsonBlog\/es\/ned-flanders\/","title":{"rendered":"Ned Flanders"},"content":{"rendered":"<p><strong>Nedward &#8220;Ned&#8221; Flanders<\/strong>\u00a0es un personaje principal de la serie de televisi\u00f3n de dibujos animados\u00a0<em>Los Simpson<\/em>. Ned es viudo. La voz original en ingl\u00e9s es de\u00a0Harry Shearer. En Hispanoam\u00e9rica hasta la\u00a0decimoquinta temporada\u00a0(Incluida) estaba doblado por\u00a0Agust\u00edn Sauret\u00a0y fue reemplazado por\u00a0Oscar G\u00f3mez. En\u00a0Espa\u00f1a\u00a0est\u00e1 doblado por\u00a0Carlos del Pino\u00a0en la segunda temporada y desde la\u00a0cuarta temporada. El apellido &#8220;Flanders&#8221; est\u00e1 basado en un calle de Portland (ciudad donde creci\u00f3\u00a0Matt Groening) llamada NE Flanders St.<\/p>\n\n\n\n<p>Ned Flanders vive en la casa de al lado de la\u00a0familia Simpson, por lo tanto es su vecino. Normalmente es odiado por\u00a0Homero Simpson. Es un cristiano devoto y es el m\u00e1s amigable y compasivo de todos los habitantes de\u00a0Springfield, considerado normalmente como uno de los pilares de su comunidad.<\/p>\n\n\n\n<hr class=\"wp-block-separator has-css-opacity\"\/>\n\n\n\n<blockquote class=\"wp-block-quote has-text-align-left is-style-large is-layout-flow wp-block-quote-is-layout-flow\">\n<p>Twenty years from now you will be more disappointed by the <strong>things that you didn\u2019t do<\/strong> than by the ones you did do<\/p>\n<cite>Mark Twain<\/cite><\/blockquote>\n\n\n\n<hr class=\"wp-block-separator has-css-opacity\"\/>\n\n\n\n<p>Sus padres lo enviaron al psiquiatra\u00a0doctor Foster\u00a0para someterlo a un proceso experimental donde se someti\u00f3 a ocho meses de azotes continuos, tras el que suprimi\u00f3 toda su sensaci\u00f3n de enfado y dio lugar a su habitual parloteo sin sentido en los momentos cuando estaba particularmente cerca de perder su temperamento, causando que Ned, sin saberlo, reprimiera su enfado.<\/p>\n\n\n\n<h3 class=\"wp-block-heading\">Desarrollo<\/h3>\n\n\n\n<p>Ned Flanders no era religioso en sus primeras apariciones, e incluso en las primeras temporadas fue s\u00f3lo ligeramente religioso y su principal funci\u00f3n consist\u00eda en ser tan &#8220;empalagosamente perfecto como para molestar y avergonzar a la\u00a0familia Simpson&#8221;, mientras que Homer Simpson siempre ha odiado a Ned Flanders y siempre trata de eliminarlo. <\/p>\n\n\n\n<figure class=\"wp-block-image size-large\"><img decoding=\"async\" width=\"1024\" height=\"653\" src=\"https:\/\/ebanti.com\/LosSimpsonBlog\/wp-content\/uploads\/2022\/03\/Ned-Flanders-6-1024x653.jpeg\" alt=\"\" class=\"wp-image-935\" srcset=\"https:\/\/ebanti.com\/LosSimpsonBlog\/wp-content\/uploads\/2022\/03\/Ned-Flanders-6-1024x653.jpeg 1024w, https:\/\/ebanti.com\/LosSimpsonBlog\/wp-content\/uploads\/2022\/03\/Ned-Flanders-6-300x191.jpeg 300w, https:\/\/ebanti.com\/LosSimpsonBlog\/wp-content\/uploads\/2022\/03\/Ned-Flanders-6-768x489.jpeg 768w, https:\/\/ebanti.com\/LosSimpsonBlog\/wp-content\/uploads\/2022\/03\/Ned-Flanders-6-18x12.jpeg 18w, https:\/\/ebanti.com\/LosSimpsonBlog\/wp-content\/uploads\/2022\/03\/Ned-Flanders-6-432x275.jpeg 432w, https:\/\/ebanti.com\/LosSimpsonBlog\/wp-content\/uploads\/2022\/03\/Ned-Flanders-6.jpeg 1205w\" sizes=\"(max-width: 1024px) 100vw, 1024px\" \/><figcaption class=\"wp-element-caption\">Es un cristiano devoto y sigue la Biblia estrictamente, tan literalmente como es posible y se conmociona f\u00e1cilmente cuando ve puesto en duda cualquier punto de sus dogmas.\u00a0<\/figcaption><\/figure>\n\n\n\n<h3 class=\"wp-block-heading\">Vida Amorosa<\/h3>\n\n\n\n<p>El ha estado casado con tres mujeres:\u00a0Maude Flanders\u00a0quien muri\u00f3 por culpa de\u00a0Homero\u00a0en el episodio\u00a0Alone Again, Natura-Diddily\u00a0,\u00a0Ginger Flanders\u00a0y\u00a0Edna Flanders\u00a0que muri\u00f3 debido a la muerte de su dobladora. A quedado viudo dos veces.<\/p>\n\n\n\n<figure class=\"wp-block-gallery alignwide has-nested-images columns-default is-cropped wp-block-gallery-1 is-layout-flex wp-block-gallery-is-layout-flex\">\n<figure class=\"wp-block-image size-full\"><img decoding=\"async\" width=\"768\" height=\"768\" data-id=\"938\" src=\"https:\/\/ebanti.com\/LosSimpsonBlog\/wp-content\/uploads\/2022\/03\/Ned-Flanders-7.jpeg\" alt=\"\" class=\"wp-image-938\" srcset=\"https:\/\/ebanti.com\/LosSimpsonBlog\/wp-content\/uploads\/2022\/03\/Ned-Flanders-7.jpeg 768w, https:\/\/ebanti.com\/LosSimpsonBlog\/wp-content\/uploads\/2022\/03\/Ned-Flanders-7-300x300.jpeg 300w, https:\/\/ebanti.com\/LosSimpsonBlog\/wp-content\/uploads\/2022\/03\/Ned-Flanders-7-150x150.jpeg 150w, https:\/\/ebanti.com\/LosSimpsonBlog\/wp-content\/uploads\/2022\/03\/Ned-Flanders-7-12x12.jpeg 12w, https:\/\/ebanti.com\/LosSimpsonBlog\/wp-content\/uploads\/2022\/03\/Ned-Flanders-7-432x432.jpeg 432w, https:\/\/ebanti.com\/LosSimpsonBlog\/wp-content\/uploads\/2022\/03\/Ned-Flanders-7-24x24.jpeg 24w, https:\/\/ebanti.com\/LosSimpsonBlog\/wp-content\/uploads\/2022\/03\/Ned-Flanders-7-48x48.jpeg 48w, https:\/\/ebanti.com\/LosSimpsonBlog\/wp-content\/uploads\/2022\/03\/Ned-Flanders-7-96x96.jpeg 96w\" sizes=\"(max-width: 768px) 100vw, 768px\" \/><\/figure>\n\n\n\n<figure class=\"wp-block-image size-full\"><img decoding=\"async\" width=\"768\" height=\"768\" data-id=\"932\" src=\"https:\/\/ebanti.com\/LosSimpsonBlog\/wp-content\/uploads\/2022\/03\/Ned-Flanders-4.jpeg\" alt=\"\" class=\"wp-image-932\" srcset=\"https:\/\/ebanti.com\/LosSimpsonBlog\/wp-content\/uploads\/2022\/03\/Ned-Flanders-4.jpeg 768w, https:\/\/ebanti.com\/LosSimpsonBlog\/wp-content\/uploads\/2022\/03\/Ned-Flanders-4-300x300.jpeg 300w, https:\/\/ebanti.com\/LosSimpsonBlog\/wp-content\/uploads\/2022\/03\/Ned-Flanders-4-150x150.jpeg 150w, https:\/\/ebanti.com\/LosSimpsonBlog\/wp-content\/uploads\/2022\/03\/Ned-Flanders-4-12x12.jpeg 12w, https:\/\/ebanti.com\/LosSimpsonBlog\/wp-content\/uploads\/2022\/03\/Ned-Flanders-4-432x432.jpeg 432w, https:\/\/ebanti.com\/LosSimpsonBlog\/wp-content\/uploads\/2022\/03\/Ned-Flanders-4-24x24.jpeg 24w, https:\/\/ebanti.com\/LosSimpsonBlog\/wp-content\/uploads\/2022\/03\/Ned-Flanders-4-48x48.jpeg 48w, https:\/\/ebanti.com\/LosSimpsonBlog\/wp-content\/uploads\/2022\/03\/Ned-Flanders-4-96x96.jpeg 96w\" sizes=\"(max-width: 768px) 100vw, 768px\" \/><\/figure>\n\n\n\n<figure class=\"wp-block-image size-large\"><img decoding=\"async\" width=\"1024\" height=\"577\" data-id=\"939\" src=\"https:\/\/ebanti.com\/LosSimpsonBlog\/wp-content\/uploads\/2022\/03\/Ned-Flanders-2-1024x577.jpg\" alt=\"\" class=\"wp-image-939\" srcset=\"https:\/\/ebanti.com\/LosSimpsonBlog\/wp-content\/uploads\/2022\/03\/Ned-Flanders-2-1024x577.jpg 1024w, https:\/\/ebanti.com\/LosSimpsonBlog\/wp-content\/uploads\/2022\/03\/Ned-Flanders-2-300x169.jpg 300w, https:\/\/ebanti.com\/LosSimpsonBlog\/wp-content\/uploads\/2022\/03\/Ned-Flanders-2-768x433.jpg 768w, https:\/\/ebanti.com\/LosSimpsonBlog\/wp-content\/uploads\/2022\/03\/Ned-Flanders-2-18x10.jpg 18w, https:\/\/ebanti.com\/LosSimpsonBlog\/wp-content\/uploads\/2022\/03\/Ned-Flanders-2-432x243.jpg 432w, https:\/\/ebanti.com\/LosSimpsonBlog\/wp-content\/uploads\/2022\/03\/Ned-Flanders-2.jpg 1363w\" sizes=\"(max-width: 1024px) 100vw, 1024px\" \/><\/figure>\n\n\n\n<figure class=\"wp-block-image size-large\"><img decoding=\"async\" width=\"1024\" height=\"728\" data-id=\"930\" src=\"https:\/\/ebanti.com\/LosSimpsonBlog\/wp-content\/uploads\/2022\/03\/Ned-Flanders-2-1024x728.jpeg\" alt=\"\" class=\"wp-image-930\" srcset=\"https:\/\/ebanti.com\/LosSimpsonBlog\/wp-content\/uploads\/2022\/03\/Ned-Flanders-2-1024x728.jpeg 1024w, https:\/\/ebanti.com\/LosSimpsonBlog\/wp-content\/uploads\/2022\/03\/Ned-Flanders-2-300x213.jpeg 300w, https:\/\/ebanti.com\/LosSimpsonBlog\/wp-content\/uploads\/2022\/03\/Ned-Flanders-2-768x546.jpeg 768w, https:\/\/ebanti.com\/LosSimpsonBlog\/wp-content\/uploads\/2022\/03\/Ned-Flanders-2-18x12.jpeg 18w, https:\/\/ebanti.com\/LosSimpsonBlog\/wp-content\/uploads\/2022\/03\/Ned-Flanders-2-432x307.jpeg 432w, https:\/\/ebanti.com\/LosSimpsonBlog\/wp-content\/uploads\/2022\/03\/Ned-Flanders-2.jpeg 1081w\" sizes=\"(max-width: 1024px) 100vw, 1024px\" \/><\/figure>\n\n\n\n<figure class=\"wp-block-image size-large\"><img decoding=\"async\" width=\"1024\" height=\"576\" data-id=\"931\" src=\"https:\/\/ebanti.com\/LosSimpsonBlog\/wp-content\/uploads\/2022\/03\/Ned-Flanders-3-1024x576.jpeg\" alt=\"\" class=\"wp-image-931\" srcset=\"https:\/\/ebanti.com\/LosSimpsonBlog\/wp-content\/uploads\/2022\/03\/Ned-Flanders-3-1024x576.jpeg 1024w, https:\/\/ebanti.com\/LosSimpsonBlog\/wp-content\/uploads\/2022\/03\/Ned-Flanders-3-300x169.jpeg 300w, https:\/\/ebanti.com\/LosSimpsonBlog\/wp-content\/uploads\/2022\/03\/Ned-Flanders-3-768x432.jpeg 768w, https:\/\/ebanti.com\/LosSimpsonBlog\/wp-content\/uploads\/2022\/03\/Ned-Flanders-3-18x10.jpeg 18w, https:\/\/ebanti.com\/LosSimpsonBlog\/wp-content\/uploads\/2022\/03\/Ned-Flanders-3-432x243.jpeg 432w, https:\/\/ebanti.com\/LosSimpsonBlog\/wp-content\/uploads\/2022\/03\/Ned-Flanders-3.jpeg 1365w\" sizes=\"(max-width: 1024px) 100vw, 1024px\" \/><\/figure>\n<\/figure>\n\n\n\n<h2 class=\"wp-block-heading\">Influencia cultural<\/h2>\n\n\n\n<p>En 2001 y 2002, el festival Greenbelt, un festival brit\u00e1nico de m\u00fasica y arte cristiana, celebr\u00f3 un especial &#8220;Noche de Ned Flanders&#8221;. El evento de 2001 incluy\u00f3 una competici\u00f3n parecida, as\u00ed como la banda tributo\u00a0<em>Ned Zeppelin<\/em>. <\/p>\n\n\n\n<p>Se celebr\u00f3 en un lugar con un aforo de 500 personas que se llen\u00f3 y fueron rechazadas 1500 personas en la entrada. En el segundo evento celebrado en 2002 reapareci\u00f3\u00a0<em>Ned Zeppelin<\/em>.<\/p>\n\n\n\n<p>En la pel\u00edcula para televisi\u00f3n de\u00a0<em>Los padrinos m\u00e1gicos<\/em>\u00a0&#8220;Los Padrinos M\u00e1gicos: Cazadores de canales&#8221;, una parodia de Ned Flanders,\u00a0Barney Gumble\u00a0y\u00a0Krusty el payaso\u00a0aparecen en una escena que una parodia a\u00a0<em>Los Simpson<\/em>. \u00c9l dice &#8220;hidilly-diddily-diddily-daddily-diddily-daddily!&#8221;<\/p>","protected":false},"excerpt":{"rendered":"<p>Nedward &#8220;Ned&#8221; Flanders\u00a0es un personaje principal de la serie de televisi\u00f3n de dibujos animados\u00a0Los Simpson. Ned&#8230;<\/p>","protected":false},"author":2,"featured_media":934,"comment_status":"open","ping_status":"open","sticky":false,"template":"","format":"standard","meta":{"footnotes":""},"categories":[32],"tags":[],"class_list":["post-319","post","type-post","status-publish","format-standard","has-post-thumbnail","hentry","category-biografia","article","has-background","has-excerpt","has-avatar","has-author","has-date","has-comment-count","has-category-meta","has-read-more","has-post-media","thumbnail-"],"_links":{"self":[{"href":"https:\/\/ebanti.com\/LosSimpsonBlog\/es\/wp-json\/wp\/v2\/posts\/319","targetHints":{"allow":["GET"]}}],"collection":[{"href":"https:\/\/ebanti.com\/LosSimpsonBlog\/es\/wp-json\/wp\/v2\/posts"}],"about":[{"href":"https:\/\/ebanti.com\/LosSimpsonBlog\/es\/wp-json\/wp\/v2\/types\/post"}],"author":[{"embeddable":true,"href":"https:\/\/ebanti.com\/LosSimpsonBlog\/es\/wp-json\/wp\/v2\/users\/2"}],"replies":[{"embeddable":true,"href":"https:\/\/ebanti.com\/LosSimpsonBlog\/es\/wp-json\/wp\/v2\/comments?post=319"}],"version-history":[{"count":2,"href":"https:\/\/ebanti.com\/LosSimpsonBlog\/es\/wp-json\/wp\/v2\/posts\/319\/revisions"}],"predecessor-version":[{"id":941,"href":"https:\/\/ebanti.com\/LosSimpsonBlog\/es\/wp-json\/wp\/v2\/posts\/319\/revisions\/941"}],"wp:featuredmedia":[{"embeddable":true,"href":"https:\/\/ebanti.com\/LosSimpsonBlog\/es\/wp-json\/wp\/v2\/media\/934"}],"wp:attachment":[{"href":"https:\/\/ebanti.com\/LosSimpsonBlog\/es\/wp-json\/wp\/v2\/media?parent=319"}],"wp:term":[{"taxonomy":"category","embeddable":true,"href":"https:\/\/ebanti.com\/LosSimpsonBlog\/es\/wp-json\/wp\/v2\/categories?post=319"},{"taxonomy":"post_tag","embeddable":true,"href":"https:\/\/ebanti.com\/LosSimpsonBlog\/es\/wp-json\/wp\/v2\/tags?post=319"}],"curies":[{"name":"wp","href":"https:\/\/api.w.org\/{rel}","templated":true}]}}